{"id":442,"date":"2023-04-25T12:18:00","date_gmt":"2023-04-25T12:18:00","guid":{"rendered":"https:\/\/fundacionvictoria.org\/?p=442"},"modified":"2023-05-09T07:54:49","modified_gmt":"2023-05-09T07:54:49","slug":"finaliza-la-iii-edicion-de-on-industry","status":"publish","type":"post","link":"https:\/\/fundacionvictoria.org\/?p=442","title":{"rendered":"Finaliza la III edici\u00f3n de On Industry. Un a\u00f1o m\u00e1s, las principales marcas multinacionales se dan cita en este encuentro profesional."},"content":{"rendered":"\n<p>Un a\u00f1o m\u00e1s, y el primero para nosotros, finaliza la feria de referencia de la Industria 4.0 del sur de Espa\u00f1a. Este encuentro pretende convertirse en referencia a nivel europeo. Con tan s\u00f3lo 3 ediciones, ha conseguido concentrar las mayores innovaciones de la industria 4.0. Contando adem\u00e1s con patrocinadores tanto a nivel regional, consiguiendo el apoyo de las principales instituciones p\u00fablicas y entidades de la zona, como a nivel internacional. Las principales marcas multinacionales han formado parte activa de este nuevo encuentro. <\/p>\n\n\n\n<p>Esta III edici\u00f3n, se podr\u00eda resumir con las siguientes cifras: m\u00e1s de 2.000 profesionales y personas vinculadas al sector, medio centenar de empresas y m\u00e1s de 40 robots de \u00faltima generaci\u00f3n. <\/p>\n\n\n\n<p>A continuaci\u00f3n os dejamos un resumen de lo que ha sido esta \u00faltima edici\u00f3n. Y ya con la vista puesta en la siguiente que todo apunta a que tendr\u00e1 lugar la pr\u00f3xima primavera de 2024 ;). Atento\/a a las redes del encuentro que pronto habr\u00e1 novedades al respecto. <\/p>\n\n\n\n<p>Aprovechamos para agradecer todos\/as los que hab\u00e9is hecho posible este encuentro, ya que sin el apoyo de todos vosotros, nada de esto hubiese sido posible.<\/p>\n\n\n\n<figure class=\"wp-block-embed is-type-video is-provider-youtube wp-block-embed-youtube wp-embed-aspect-16-9 wp-has-aspect-ratio\"><div class=\"wp-block-embed__wrapper\">\n<iframe loading=\"lazy\" title=\"Resumen On Industry 2023\" width=\"750\" height=\"422\" src=\"https:\/\/www.youtube.com\/embed\/ptFLagsnjek?start=1&#038;feature=oembed\" frameborder=\"0\" allow=\"accelerometer; autoplay; clipboard-write; encrypted-media; gyroscope; picture-in-picture; web-share\" allowfullscreen><\/iframe>\n<\/div><\/figure>\n\n\n\n<p><\/p>\n\n\n\n<p>Si quieres volver a vivir lo que ha sido esta III edici\u00f3n o dar un paseo por el \u00e1lbum de fotos de la feria, no dejes de visitar la p\u00e1gina oficial <a href=\"https:\/\/www.onindustry.es\/\" data-type=\"URL\" data-id=\"https:\/\/www.onindustry.es\/\">aqu\u00ed.<\/a><\/p>\n","protected":false},"excerpt":{"rendered":"<p>Un a\u00f1o m\u00e1s, y el primero para nosotros, finaliza la feria de referencia de la Industria 4.0 del sur de Espa\u00f1a. Este encuentro pretende convertirse en referencia a nivel europeo. Con tan s\u00f3lo 3 ediciones, ha conseguido concentrar las mayores innovaciones de la industria 4.0. Contando adem\u00e1s con patrocinadores tanto [&hellip;]<\/p>\n","protected":false},"author":1,"featured_media":443,"comment_status":"open","ping_status":"open","sticky":false,"template":"","format":"standard","meta":[],"categories":[6],"tags":[8,9,7],"_links":{"self":[{"href":"https:\/\/fundacionvictoria.org\/index.php?rest_route=\/wp\/v2\/posts\/442"}],"collection":[{"href":"https:\/\/fundacionvictoria.org\/index.php?rest_route=\/wp\/v2\/posts"}],"about":[{"href":"https:\/\/fundacionvictoria.org\/index.php?rest_route=\/wp\/v2\/types\/post"}],"author":[{"embeddable":true,"href":"https:\/\/fundacionvictoria.org\/index.php?rest_route=\/wp\/v2\/users\/1"}],"replies":[{"embeddable":true,"href":"https:\/\/fundacionvictoria.org\/index.php?rest_route=%2Fwp%2Fv2%2Fcomments&post=442"}],"version-history":[{"count":3,"href":"https:\/\/fundacionvictoria.org\/index.php?rest_route=\/wp\/v2\/posts\/442\/revisions"}],"predecessor-version":[{"id":447,"href":"https:\/\/fundacionvictoria.org\/index.php?rest_route=\/wp\/v2\/posts\/442\/revisions\/447"}],"wp:featuredmedia":[{"embeddable":true,"href":"https:\/\/fundacionvictoria.org\/index.php?rest_route=\/wp\/v2\/media\/443"}],"wp:attachment":[{"href":"https:\/\/fundacionvictoria.org\/index.php?rest_route=%2Fwp%2Fv2%2Fmedia&parent=442"}],"wp:term":[{"taxonomy":"category","embeddable":true,"href":"https:\/\/fundacionvictoria.org\/index.php?rest_route=%2Fwp%2Fv2%2Fcategories&post=442"},{"taxonomy":"post_tag","embeddable":true,"href":"https:\/\/fundacionvictoria.org\/index.php?rest_route=%2Fwp%2Fv2%2Ftags&post=442"}],"curies":[{"name":"wp","href":"https:\/\/api.w.org\/{rel}","templated":true}]}}